{"id":388,"date":"2016-06-27T09:29:47","date_gmt":"2016-06-27T08:29:47","guid":{"rendered":"https:\/\/premio.noviasalcedo.es\/?p=388"},"modified":"2016-06-30T08:46:33","modified_gmt":"2016-06-30T07:46:33","slug":"teatro-lleno-favor-del-empleo-juvenil","status":"publish","type":"post","link":"https:\/\/premio.noviasalcedo.es\/en\/teatro-lleno-favor-del-empleo-juvenil\/","title":{"rendered":"A full theatre for youth employment"},"content":{"rendered":"<p><\/p>\n<p style=\"text-align: justify;\">This is precisely what the<a href=\"https:\/\/premio.noviasalcedo.es\/\"> Novia Salcedo Foundation<\/a> achieved during the seventh edition of its awards to acknowledge excellence in the vocational integration of young people. The Arriaga Theatre was draped for the occasion in order to receive the four winners who have distinguished themselves through their work with young people.<\/p>\n<p style=\"text-align: justify;\"><strong>Jordi Albareda<\/strong>, from Bilbao, in the Individual category, <strong>Emtesport<\/strong> in the Enterprise category, <strong>The Paraguaya Foundation<\/strong> in the Institutions category and <strong>Victoria Camps<\/strong> in the Ad Honorem category. <strong>They received the acknowledgement for their work from the hands of His Majesty Felipe VI<\/strong>.<\/p>\n<p style=\"text-align: justify;\">The monarch, who attended the awards as King for the first time, upheld the need for decent employment for young people in his speech. &#8220;<strong><em>Employment, job creation and the occupational integration <\/em><\/strong><em>of our citizens is therefore <strong>our greatest challenge<\/strong>.<\/em><em> The lack of jobs has particularly affected young men and women<\/em>&#8220;.<\/p>\n<p style=\"text-align: justify;\"><strong>The prize-winners<\/strong><\/p>\n<p style=\"text-align: justify;\">Jordi Albareda, stressed that today&#8217;s society is moving very quickly and that culture is being consigned to a back seat in a very emotional speech. On the other hand, Martin Burt, from the <a href=\"http:\/\/www.fundacionparaguaya.org.py\/?lang=es\">Paraguaya Foundation<\/a>, highlighted the ability to help young people by responding to their needs, using the method of learning by doing, selling and earning. Marta S\u00e1nchez and Matxalen Laskibar, from <a href=\"http:\/\/www.emtesport.com\/\">Emtespor<\/a>t, spoke about the alarming unemployment figures and stressed the urgent need to alleviate this situation, an essential prerequisite for the advancement of social justice. The philosopher Victoria Camps mentioned that reconciling youth and employment helps to dignify work. She also praised education as a tool to reverse the culture of individualism.<\/p>\n<p style=\"text-align: justify;\"><strong><img data-recalc-dims=\"1\" loading=\"lazy\" decoding=\"async\" class=\"size-medium wp-image-4609 alignleft\" src=\"https:\/\/i0.wp.com\/www.youthemploymentdecade.org\/wp-content\/uploads\/2016\/06\/empleo-juvenil-rey-espa%C3%B1a-300x199.jpg?resize=300%2C199\" alt=\"empleo juvenil rey espa\u00f1a\" width=\"300\" height=\"199\" \/>Felipe VI supported the International Campaign<\/strong><\/p>\n<p style=\"text-align: justify;\">One of the most significant moments for the International Campaign that Novia Salcedo is promoting in favour of youth employment was when the King, once again, expressed his support for the initiative.<\/p>\n<p style=\"text-align: justify;\">&#8220;<em>Without doubt, the issue of employment transcends borders and affects societies at a truly global level. <strong>Novia Salcedo clearly saw this, and with its initiative, supported by the Government, has launched the International Campaign for a Youth Employment Decade<\/strong>, which &#8211; as stated in its basic tenets- aims to generate an international movement of reflection, thought and action to contribute ideas, content and consensual solutions to the situation of unemployment that millions of young people around the world are experiencing.<\/em><\/p>\n<p style=\"text-align: justify;\"><em>As is well known, the goal is to ensure that the UN General Assembly declares a &#8216;Youth Employment Decade&#8217; as an opportunity for the economic transformation of organisations and countries in line with the mission &#8211; as I have already mentioned and would like to reiterate &#8211; of promoting innovation, entrepreneurship, new technologies and science with a view to generating more value and more employment. It is also important to encourage initiatives that make use of the talents of young people. Congratulations to the Novia Salcedo Foundation for this brilliant initiative&#8221;.<\/em><\/p>\n<p><object id=\"flashObj\" width=\"625\" height=\"350\" classid=\"clsid:D27CDB6E-AE6D-11cf-96B8-444553540000\" codebase=\"http:\/\/download.macromedia.com\/pub\/shockwave\/cabs\/flash\/swflash.cab#version=9,0,47,0\"><param name=\"movie\" value=\"http:\/\/c.brightcove.com\/services\/viewer\/federated_f9?isVid=1&amp;isUI=1\" \/><param name=\"bgcolor\" value=\"#FFFFFF\" \/><param name=\"flashVars\" value=\"videoId=4961635780001&amp;playerID=111787371001&amp;playerKey=AQ~~,AAAAGE7pI8k~,oEP5jKG9JpkgtaMv_ZqBKM180cieCpFT&amp;domain=embed&amp;dynamicStreaming=true\" \/><param name=\"base\" value=\"http:\/\/admin.brightcove.com\" \/><param name=\"seamlesstabbing\" value=\"false\" \/><param name=\"allowFullScreen\" value=\"true\" \/><param name=\"swLiveConnect\" value=\"true\" \/><param name=\"allowScriptAccess\" value=\"always\" \/><\/object><\/p>","protected":false},"excerpt":{"rendered":"<p>This is precisely what the Novia Salcedo Foundation achieved during the seventh edition of its awards to acknowledge excellence in the vocational integration of young people. The Arriaga Theatre was draped for the occasion in order to receive the four winners who have distinguished themselves through their work with young &hellip;<\/p>\n","protected":false},"author":2,"featured_media":367,"comment_status":"open","ping_status":"open","sticky":false,"template":"","format":"standard","meta":{"jetpack_post_was_ever_published":false,"_jetpack_newsletter_access":"","_jetpack_dont_email_post_to_subs":false,"_jetpack_newsletter_tier_id":0,"_jetpack_memberships_contains_paywalled_content":false,"_jetpack_memberships_contains_paid_content":false,"footnotes":"","jetpack_publicize_message":"","jetpack_publicize_feature_enabled":true,"jetpack_social_post_already_shared":true,"jetpack_social_options":{"image_generator_settings":{"template":"highway","default_image_id":0,"font":"","enabled":false},"version":2}},"categories":[1],"tags":[],"class_list":["post-388","post","type-post","status-publish","format-standard","has-post-thumbnail","hentry","category-premios"],"yoast_head":"<!-- This site is optimized with the Yoast SEO plugin v27.5 - https:\/\/yoast.com\/product\/yoast-seo-wordpress\/ -->\n<title>A full theatre for youth employment - Novia Salcedo Awards<\/title>\n<meta name=\"robots\" content=\"index, follow, max-snippet:-1, max-image-preview:large, max-video-preview:-1\" \/>\n<link rel=\"canonical\" href=\"https:\/\/premio.noviasalcedo.es\/eu\/teatro-lleno-favor-del-empleo-juvenil\/\" \/>\n<meta property=\"og:locale\" content=\"en_US\" \/>\n<meta property=\"og:type\" content=\"article\" \/>\n<meta property=\"og:title\" content=\"A full theatre for youth employment - Novia Salcedo Awards\" \/>\n<meta property=\"og:description\" content=\"This is precisely what the Novia Salcedo Foundation achieved during the seventh edition of its awards to acknowledge excellence in the vocational integration of young people. The Arriaga Theatre was draped for the occasion in order to receive the four winners who have distinguished themselves through their work with young &hellip;\" \/>\n<meta property=\"og:url\" content=\"https:\/\/premio.noviasalcedo.es\/eu\/teatro-lleno-favor-del-empleo-juvenil\/\" \/>\n<meta property=\"og:site_name\" content=\"Novia Salcedo Awards\" \/>\n<meta property=\"article:published_time\" content=\"2016-06-27T08:29:47+00:00\" \/>\n<meta property=\"article:modified_time\" content=\"2016-06-30T07:46:33+00:00\" \/>\n<meta property=\"og:image\" content=\"https:\/\/i0.wp.com\/premio.noviasalcedo.es\/wp-content\/uploads\/2016\/06\/DOM4438.jpg?fit=1407%2C935&ssl=1\" \/>\n\t<meta property=\"og:image:width\" content=\"1407\" \/>\n\t<meta property=\"og:image:height\" content=\"935\" \/>\n\t<meta property=\"og:image:type\" content=\"image\/jpeg\" \/>\n<meta name=\"author\" content=\"Paloma Eizaguirre\" \/>\n<meta name=\"twitter:card\" content=\"summary_large_image\" \/>\n<meta name=\"twitter:label1\" content=\"Written by\" \/>\n\t<meta name=\"twitter:data1\" content=\"Paloma Eizaguirre\" \/>\n\t<meta name=\"twitter:label2\" content=\"Est. reading time\" \/>\n\t<meta name=\"twitter:data2\" content=\"5 minutes\" \/>\n<script type=\"application\/ld+json\" class=\"yoast-schema-graph\">{\"@context\":\"https:\\\/\\\/schema.org\",\"@graph\":[{\"@type\":\"Article\",\"@id\":\"https:\\\/\\\/premio.noviasalcedo.es\\\/eu\\\/teatro-lleno-favor-del-empleo-juvenil\\\/#article\",\"isPartOf\":{\"@id\":\"https:\\\/\\\/premio.noviasalcedo.es\\\/eu\\\/teatro-lleno-favor-del-empleo-juvenil\\\/\"},\"author\":{\"name\":\"Paloma Eizaguirre\",\"@id\":\"https:\\\/\\\/premio.noviasalcedo.es\\\/eu\\\/#\\\/schema\\\/person\\\/378a2caca65f0c04b7a77a93a5cbefe0\"},\"headline\":\"A full theatre for youth employment\",\"datePublished\":\"2016-06-27T08:29:47+00:00\",\"dateModified\":\"2016-06-30T07:46:33+00:00\",\"mainEntityOfPage\":{\"@id\":\"https:\\\/\\\/premio.noviasalcedo.es\\\/eu\\\/teatro-lleno-favor-del-empleo-juvenil\\\/\"},\"wordCount\":1022,\"commentCount\":0,\"publisher\":{\"@id\":\"https:\\\/\\\/premio.noviasalcedo.es\\\/eu\\\/#organization\"},\"image\":{\"@id\":\"https:\\\/\\\/premio.noviasalcedo.es\\\/eu\\\/teatro-lleno-favor-del-empleo-juvenil\\\/#primaryimage\"},\"thumbnailUrl\":\"https:\\\/\\\/i0.wp.com\\\/premio.noviasalcedo.es\\\/wp-content\\\/uploads\\\/2016\\\/06\\\/DOM4438.jpg?fit=1407%2C935&ssl=1\",\"articleSection\":[\"Premios Noviasalcedo\"],\"inLanguage\":\"en-US\",\"potentialAction\":[{\"@type\":\"CommentAction\",\"name\":\"Comment\",\"target\":[\"https:\\\/\\\/premio.noviasalcedo.es\\\/eu\\\/teatro-lleno-favor-del-empleo-juvenil\\\/#respond\"]}]},{\"@type\":\"WebPage\",\"@id\":\"https:\\\/\\\/premio.noviasalcedo.es\\\/eu\\\/teatro-lleno-favor-del-empleo-juvenil\\\/\",\"url\":\"https:\\\/\\\/premio.noviasalcedo.es\\\/eu\\\/teatro-lleno-favor-del-empleo-juvenil\\\/\",\"name\":\"A full theatre for youth employment - Novia Salcedo Awards\",\"isPartOf\":{\"@id\":\"https:\\\/\\\/premio.noviasalcedo.es\\\/eu\\\/#website\"},\"primaryImageOfPage\":{\"@id\":\"https:\\\/\\\/premio.noviasalcedo.es\\\/eu\\\/teatro-lleno-favor-del-empleo-juvenil\\\/#primaryimage\"},\"image\":{\"@id\":\"https:\\\/\\\/premio.noviasalcedo.es\\\/eu\\\/teatro-lleno-favor-del-empleo-juvenil\\\/#primaryimage\"},\"thumbnailUrl\":\"https:\\\/\\\/i0.wp.com\\\/premio.noviasalcedo.es\\\/wp-content\\\/uploads\\\/2016\\\/06\\\/DOM4438.jpg?fit=1407%2C935&ssl=1\",\"datePublished\":\"2016-06-27T08:29:47+00:00\",\"dateModified\":\"2016-06-30T07:46:33+00:00\",\"breadcrumb\":{\"@id\":\"https:\\\/\\\/premio.noviasalcedo.es\\\/eu\\\/teatro-lleno-favor-del-empleo-juvenil\\\/#breadcrumb\"},\"inLanguage\":\"en-US\",\"potentialAction\":[{\"@type\":\"ReadAction\",\"target\":[\"https:\\\/\\\/premio.noviasalcedo.es\\\/eu\\\/teatro-lleno-favor-del-empleo-juvenil\\\/\"]}]},{\"@type\":\"ImageObject\",\"inLanguage\":\"en-US\",\"@id\":\"https:\\\/\\\/premio.noviasalcedo.es\\\/eu\\\/teatro-lleno-favor-del-empleo-juvenil\\\/#primaryimage\",\"url\":\"https:\\\/\\\/i0.wp.com\\\/premio.noviasalcedo.es\\\/wp-content\\\/uploads\\\/2016\\\/06\\\/DOM4438.jpg?fit=1407%2C935&ssl=1\",\"contentUrl\":\"https:\\\/\\\/i0.wp.com\\\/premio.noviasalcedo.es\\\/wp-content\\\/uploads\\\/2016\\\/06\\\/DOM4438.jpg?fit=1407%2C935&ssl=1\",\"width\":1407,\"height\":935},{\"@type\":\"BreadcrumbList\",\"@id\":\"https:\\\/\\\/premio.noviasalcedo.es\\\/eu\\\/teatro-lleno-favor-del-empleo-juvenil\\\/#breadcrumb\",\"itemListElement\":[{\"@type\":\"ListItem\",\"position\":1,\"name\":\"Portada\",\"item\":\"https:\\\/\\\/premio.noviasalcedo.es\\\/eu\\\/\"},{\"@type\":\"ListItem\",\"position\":2,\"name\":\"(Castellano) Un teatro lleno a favor del empleo juvenil\"}]},{\"@type\":\"WebSite\",\"@id\":\"https:\\\/\\\/premio.noviasalcedo.es\\\/eu\\\/#website\",\"url\":\"https:\\\/\\\/premio.noviasalcedo.es\\\/eu\\\/\",\"name\":\"Novia Salcedo Awards\",\"description\":\"Novia Salcedo Awards\",\"publisher\":{\"@id\":\"https:\\\/\\\/premio.noviasalcedo.es\\\/eu\\\/#organization\"},\"potentialAction\":[{\"@type\":\"SearchAction\",\"target\":{\"@type\":\"EntryPoint\",\"urlTemplate\":\"https:\\\/\\\/premio.noviasalcedo.es\\\/eu\\\/?s={search_term_string}\"},\"query-input\":{\"@type\":\"PropertyValueSpecification\",\"valueRequired\":true,\"valueName\":\"search_term_string\"}}],\"inLanguage\":\"en-US\"},{\"@type\":\"Organization\",\"@id\":\"https:\\\/\\\/premio.noviasalcedo.es\\\/eu\\\/#organization\",\"name\":\"Novia Salcedo Awards\",\"url\":\"https:\\\/\\\/premio.noviasalcedo.es\\\/eu\\\/\",\"logo\":{\"@type\":\"ImageObject\",\"inLanguage\":\"en-US\",\"@id\":\"https:\\\/\\\/premio.noviasalcedo.es\\\/eu\\\/#\\\/schema\\\/logo\\\/image\\\/\",\"url\":\"https:\\\/\\\/i0.wp.com\\\/www.premionoviasalcedo.es\\\/wp-content\\\/uploads\\\/2016\\\/01\\\/logoblanco-claim-small.png?fit=300%2C122\",\"contentUrl\":\"https:\\\/\\\/i0.wp.com\\\/www.premionoviasalcedo.es\\\/wp-content\\\/uploads\\\/2016\\\/01\\\/logoblanco-claim-small.png?fit=300%2C122\",\"width\":300,\"height\":122,\"caption\":\"Novia Salcedo Awards\"},\"image\":{\"@id\":\"https:\\\/\\\/premio.noviasalcedo.es\\\/eu\\\/#\\\/schema\\\/logo\\\/image\\\/\"}},{\"@type\":\"Person\",\"@id\":\"https:\\\/\\\/premio.noviasalcedo.es\\\/eu\\\/#\\\/schema\\\/person\\\/378a2caca65f0c04b7a77a93a5cbefe0\",\"name\":\"Paloma Eizaguirre\",\"image\":{\"@type\":\"ImageObject\",\"inLanguage\":\"en-US\",\"@id\":\"https:\\\/\\\/secure.gravatar.com\\\/avatar\\\/0c4465226e153ff42d17d0ab7e87d8ef274993a03ba1445f1609423d228a3475?s=96&d=mm&r=g\",\"url\":\"https:\\\/\\\/secure.gravatar.com\\\/avatar\\\/0c4465226e153ff42d17d0ab7e87d8ef274993a03ba1445f1609423d228a3475?s=96&d=mm&r=g\",\"contentUrl\":\"https:\\\/\\\/secure.gravatar.com\\\/avatar\\\/0c4465226e153ff42d17d0ab7e87d8ef274993a03ba1445f1609423d228a3475?s=96&d=mm&r=g\",\"caption\":\"Paloma Eizaguirre\"},\"url\":\"https:\\\/\\\/premio.noviasalcedo.es\\\/en\\\/author\\\/paloma\\\/\"}]}<\/script>\n<!-- \/ Yoast SEO plugin. -->","yoast_head_json":{"title":"A full theatre for youth employment - Novia Salcedo Awards","robots":{"index":"index","follow":"follow","max-snippet":"max-snippet:-1","max-image-preview":"max-image-preview:large","max-video-preview":"max-video-preview:-1"},"canonical":"https:\/\/premio.noviasalcedo.es\/eu\/teatro-lleno-favor-del-empleo-juvenil\/","og_locale":"en_US","og_type":"article","og_title":"A full theatre for youth employment - Novia Salcedo Awards","og_description":"This is precisely what the Novia Salcedo Foundation achieved during the seventh edition of its awards to acknowledge excellence in the vocational integration of young people. The Arriaga Theatre was draped for the occasion in order to receive the four winners who have distinguished themselves through their work with young &hellip;","og_url":"https:\/\/premio.noviasalcedo.es\/eu\/teatro-lleno-favor-del-empleo-juvenil\/","og_site_name":"Novia Salcedo Awards","article_published_time":"2016-06-27T08:29:47+00:00","article_modified_time":"2016-06-30T07:46:33+00:00","og_image":[{"width":1407,"height":935,"url":"https:\/\/i0.wp.com\/premio.noviasalcedo.es\/wp-content\/uploads\/2016\/06\/DOM4438.jpg?fit=1407%2C935&ssl=1","type":"image\/jpeg"}],"author":"Paloma Eizaguirre","twitter_card":"summary_large_image","twitter_misc":{"Written by":"Paloma Eizaguirre","Est. reading time":"5 minutes"},"schema":{"@context":"https:\/\/schema.org","@graph":[{"@type":"Article","@id":"https:\/\/premio.noviasalcedo.es\/eu\/teatro-lleno-favor-del-empleo-juvenil\/#article","isPartOf":{"@id":"https:\/\/premio.noviasalcedo.es\/eu\/teatro-lleno-favor-del-empleo-juvenil\/"},"author":{"name":"Paloma Eizaguirre","@id":"https:\/\/premio.noviasalcedo.es\/eu\/#\/schema\/person\/378a2caca65f0c04b7a77a93a5cbefe0"},"headline":"A full theatre for youth employment","datePublished":"2016-06-27T08:29:47+00:00","dateModified":"2016-06-30T07:46:33+00:00","mainEntityOfPage":{"@id":"https:\/\/premio.noviasalcedo.es\/eu\/teatro-lleno-favor-del-empleo-juvenil\/"},"wordCount":1022,"commentCount":0,"publisher":{"@id":"https:\/\/premio.noviasalcedo.es\/eu\/#organization"},"image":{"@id":"https:\/\/premio.noviasalcedo.es\/eu\/teatro-lleno-favor-del-empleo-juvenil\/#primaryimage"},"thumbnailUrl":"https:\/\/i0.wp.com\/premio.noviasalcedo.es\/wp-content\/uploads\/2016\/06\/DOM4438.jpg?fit=1407%2C935&ssl=1","articleSection":["Premios Noviasalcedo"],"inLanguage":"en-US","potentialAction":[{"@type":"CommentAction","name":"Comment","target":["https:\/\/premio.noviasalcedo.es\/eu\/teatro-lleno-favor-del-empleo-juvenil\/#respond"]}]},{"@type":"WebPage","@id":"https:\/\/premio.noviasalcedo.es\/eu\/teatro-lleno-favor-del-empleo-juvenil\/","url":"https:\/\/premio.noviasalcedo.es\/eu\/teatro-lleno-favor-del-empleo-juvenil\/","name":"A full theatre for youth employment - Novia Salcedo Awards","isPartOf":{"@id":"https:\/\/premio.noviasalcedo.es\/eu\/#website"},"primaryImageOfPage":{"@id":"https:\/\/premio.noviasalcedo.es\/eu\/teatro-lleno-favor-del-empleo-juvenil\/#primaryimage"},"image":{"@id":"https:\/\/premio.noviasalcedo.es\/eu\/teatro-lleno-favor-del-empleo-juvenil\/#primaryimage"},"thumbnailUrl":"https:\/\/i0.wp.com\/premio.noviasalcedo.es\/wp-content\/uploads\/2016\/06\/DOM4438.jpg?fit=1407%2C935&ssl=1","datePublished":"2016-06-27T08:29:47+00:00","dateModified":"2016-06-30T07:46:33+00:00","breadcrumb":{"@id":"https:\/\/premio.noviasalcedo.es\/eu\/teatro-lleno-favor-del-empleo-juvenil\/#breadcrumb"},"inLanguage":"en-US","potentialAction":[{"@type":"ReadAction","target":["https:\/\/premio.noviasalcedo.es\/eu\/teatro-lleno-favor-del-empleo-juvenil\/"]}]},{"@type":"ImageObject","inLanguage":"en-US","@id":"https:\/\/premio.noviasalcedo.es\/eu\/teatro-lleno-favor-del-empleo-juvenil\/#primaryimage","url":"https:\/\/i0.wp.com\/premio.noviasalcedo.es\/wp-content\/uploads\/2016\/06\/DOM4438.jpg?fit=1407%2C935&ssl=1","contentUrl":"https:\/\/i0.wp.com\/premio.noviasalcedo.es\/wp-content\/uploads\/2016\/06\/DOM4438.jpg?fit=1407%2C935&ssl=1","width":1407,"height":935},{"@type":"BreadcrumbList","@id":"https:\/\/premio.noviasalcedo.es\/eu\/teatro-lleno-favor-del-empleo-juvenil\/#breadcrumb","itemListElement":[{"@type":"ListItem","position":1,"name":"Portada","item":"https:\/\/premio.noviasalcedo.es\/eu\/"},{"@type":"ListItem","position":2,"name":"(Castellano) Un teatro lleno a favor del empleo juvenil"}]},{"@type":"WebSite","@id":"https:\/\/premio.noviasalcedo.es\/eu\/#website","url":"https:\/\/premio.noviasalcedo.es\/eu\/","name":"Novia Salcedo Awards","description":"Novia Salcedo Awards","publisher":{"@id":"https:\/\/premio.noviasalcedo.es\/eu\/#organization"},"potentialAction":[{"@type":"SearchAction","target":{"@type":"EntryPoint","urlTemplate":"https:\/\/premio.noviasalcedo.es\/eu\/?s={search_term_string}"},"query-input":{"@type":"PropertyValueSpecification","valueRequired":true,"valueName":"search_term_string"}}],"inLanguage":"en-US"},{"@type":"Organization","@id":"https:\/\/premio.noviasalcedo.es\/eu\/#organization","name":"Novia Salcedo Awards","url":"https:\/\/premio.noviasalcedo.es\/eu\/","logo":{"@type":"ImageObject","inLanguage":"en-US","@id":"https:\/\/premio.noviasalcedo.es\/eu\/#\/schema\/logo\/image\/","url":"https:\/\/i0.wp.com\/www.premionoviasalcedo.es\/wp-content\/uploads\/2016\/01\/logoblanco-claim-small.png?fit=300%2C122","contentUrl":"https:\/\/i0.wp.com\/www.premionoviasalcedo.es\/wp-content\/uploads\/2016\/01\/logoblanco-claim-small.png?fit=300%2C122","width":300,"height":122,"caption":"Novia Salcedo Awards"},"image":{"@id":"https:\/\/premio.noviasalcedo.es\/eu\/#\/schema\/logo\/image\/"}},{"@type":"Person","@id":"https:\/\/premio.noviasalcedo.es\/eu\/#\/schema\/person\/378a2caca65f0c04b7a77a93a5cbefe0","name":"Paloma Eizaguirre","image":{"@type":"ImageObject","inLanguage":"en-US","@id":"https:\/\/secure.gravatar.com\/avatar\/0c4465226e153ff42d17d0ab7e87d8ef274993a03ba1445f1609423d228a3475?s=96&d=mm&r=g","url":"https:\/\/secure.gravatar.com\/avatar\/0c4465226e153ff42d17d0ab7e87d8ef274993a03ba1445f1609423d228a3475?s=96&d=mm&r=g","contentUrl":"https:\/\/secure.gravatar.com\/avatar\/0c4465226e153ff42d17d0ab7e87d8ef274993a03ba1445f1609423d228a3475?s=96&d=mm&r=g","caption":"Paloma Eizaguirre"},"url":"https:\/\/premio.noviasalcedo.es\/en\/author\/paloma\/"}]}},"jetpack_publicize_connections":[],"jetpack_featured_media_url":"https:\/\/i0.wp.com\/premio.noviasalcedo.es\/wp-content\/uploads\/2016\/06\/DOM4438.jpg?fit=1407%2C935&ssl=1","jetpack_sharing_enabled":true,"jetpack_shortlink":"https:\/\/wp.me\/p786iL-6g","jetpack-related-posts":[{"id":919,"url":"https:\/\/premio.noviasalcedo.es\/en\/los-premios-novia-salcedo-seran-el-15-de-octubre\/","url_meta":{"origin":388,"position":0},"title":"(Castellano) Los Premios Novia Salcedo ser\u00e1n el 15 de octubre","author":"NoviaSalcedo","date":"Monday September 10th, 2018","format":false,"excerpt":"Sorry, this entry is only available in Castellano.","rel":"","context":"In &quot;Noticias&quot;","block_context":{"text":"Noticias","link":"https:\/\/premio.noviasalcedo.es\/en\/category\/noticias\/"},"img":{"alt_text":"premios-novia-salcedo-reunion-jurado","src":"https:\/\/i0.wp.com\/premio.noviasalcedo.es\/wp-content\/uploads\/2018\/09\/MG_7319.jpg?fit=1200%2C800&ssl=1&resize=350%2C200","width":350,"height":200,"srcset":"https:\/\/i0.wp.com\/premio.noviasalcedo.es\/wp-content\/uploads\/2018\/09\/MG_7319.jpg?fit=1200%2C800&ssl=1&resize=350%2C200 1x, https:\/\/i0.wp.com\/premio.noviasalcedo.es\/wp-content\/uploads\/2018\/09\/MG_7319.jpg?fit=1200%2C800&ssl=1&resize=525%2C300 1.5x, https:\/\/i0.wp.com\/premio.noviasalcedo.es\/wp-content\/uploads\/2018\/09\/MG_7319.jpg?fit=1200%2C800&ssl=1&resize=700%2C400 2x, https:\/\/i0.wp.com\/premio.noviasalcedo.es\/wp-content\/uploads\/2018\/09\/MG_7319.jpg?fit=1200%2C800&ssl=1&resize=1050%2C600 3x"},"classes":[]},{"id":884,"url":"https:\/\/premio.noviasalcedo.es\/en\/sabino-ayestaran-george-belinga-diego-echegoyen-tuprimerpega-egile-y-braval-ganadores-de-los-premios-internacionales-de-novia-salcedo-fundacion-al-empleo-juvenil\/","url_meta":{"origin":388,"position":1},"title":"(Castellano) Sabino Ayestaran, George Belinga, Diego Echegoyen, TuPrimeraPega, Egile y Braval, ganadores de los premios internacionales de Novia Salcedo Fundaci\u00f3n al empleo juvenil","author":"NoviaSalcedo","date":"Thursday July  5th, 2018","format":false,"excerpt":"Sorry, this entry is only available in Castellano.","rel":"","context":"In &quot;Noticias&quot;","block_context":{"text":"Noticias","link":"https:\/\/premio.noviasalcedo.es\/en\/category\/noticias\/"},"img":{"alt_text":"fallo-jurado-premios-novia-salcedo","src":"https:\/\/i0.wp.com\/premio.noviasalcedo.es\/wp-content\/uploads\/2018\/07\/MG_7357.jpg?fit=1200%2C800&ssl=1&resize=350%2C200","width":350,"height":200,"srcset":"https:\/\/i0.wp.com\/premio.noviasalcedo.es\/wp-content\/uploads\/2018\/07\/MG_7357.jpg?fit=1200%2C800&ssl=1&resize=350%2C200 1x, https:\/\/i0.wp.com\/premio.noviasalcedo.es\/wp-content\/uploads\/2018\/07\/MG_7357.jpg?fit=1200%2C800&ssl=1&resize=525%2C300 1.5x, https:\/\/i0.wp.com\/premio.noviasalcedo.es\/wp-content\/uploads\/2018\/07\/MG_7357.jpg?fit=1200%2C800&ssl=1&resize=700%2C400 2x, https:\/\/i0.wp.com\/premio.noviasalcedo.es\/wp-content\/uploads\/2018\/07\/MG_7357.jpg?fit=1200%2C800&ssl=1&resize=1050%2C600 3x"},"classes":[]},{"id":948,"url":"https:\/\/premio.noviasalcedo.es\/en\/nancy-bilbao-un-reconocimiento-ayuda-anima-a-seguir-adelante\/","url_meta":{"origin":388,"position":2},"title":"(Castellano) Nancy Bilbao: &#8220;Un reconocimiento ayuda, anima a seguir adelante&#8221;","author":"NoviaSalcedo","date":"Friday September 28th, 2018","format":false,"excerpt":"Sorry, this entry is only available in Castellano.","rel":"","context":"In &quot;Premios Noviasalcedo&quot;","block_context":{"text":"Premios Noviasalcedo","link":"https:\/\/premio.noviasalcedo.es\/en\/category\/premios\/"},"img":{"alt_text":"premio-novia-salcedo-Centro-Formativo-Otxarkoaga","src":"https:\/\/i0.wp.com\/premio.noviasalcedo.es\/wp-content\/uploads\/2018\/09\/Centro-Formativo-Otxarkoaga-FPB-Electricidad.jpg?fit=1200%2C800&ssl=1&resize=350%2C200","width":350,"height":200,"srcset":"https:\/\/i0.wp.com\/premio.noviasalcedo.es\/wp-content\/uploads\/2018\/09\/Centro-Formativo-Otxarkoaga-FPB-Electricidad.jpg?fit=1200%2C800&ssl=1&resize=350%2C200 1x, https:\/\/i0.wp.com\/premio.noviasalcedo.es\/wp-content\/uploads\/2018\/09\/Centro-Formativo-Otxarkoaga-FPB-Electricidad.jpg?fit=1200%2C800&ssl=1&resize=525%2C300 1.5x, https:\/\/i0.wp.com\/premio.noviasalcedo.es\/wp-content\/uploads\/2018\/09\/Centro-Formativo-Otxarkoaga-FPB-Electricidad.jpg?fit=1200%2C800&ssl=1&resize=700%2C400 2x, https:\/\/i0.wp.com\/premio.noviasalcedo.es\/wp-content\/uploads\/2018\/09\/Centro-Formativo-Otxarkoaga-FPB-Electricidad.jpg?fit=1200%2C800&ssl=1&resize=1050%2C600 3x"},"classes":[]},{"id":970,"url":"https:\/\/premio.noviasalcedo.es\/en\/javier-krawicki-este-reconomiento-nos-aporta-prestigio-y-unas-credenciales-inigualables\/","url_meta":{"origin":388,"position":3},"title":"(Castellano) Javier Krawicki y Horacio Llovet: &#8220;Este reconocimiento nos aporta prestigio y unas credenciales inigualables&#8221;","author":"NoviaSalcedo","date":"Monday October  8th, 2018","format":false,"excerpt":"Sorry, this entry is only available in Castellano.","rel":"","context":"In &quot;Premios Noviasalcedo&quot;","block_context":{"text":"Premios Noviasalcedo","link":"https:\/\/premio.noviasalcedo.es\/en\/category\/premios\/"},"img":{"alt_text":"","src":"https:\/\/i0.wp.com\/premio.noviasalcedo.es\/wp-content\/uploads\/2018\/10\/DOM3148-e1539776210166.jpg?fit=1200%2C800&ssl=1&resize=350%2C200","width":350,"height":200,"srcset":"https:\/\/i0.wp.com\/premio.noviasalcedo.es\/wp-content\/uploads\/2018\/10\/DOM3148-e1539776210166.jpg?fit=1200%2C800&ssl=1&resize=350%2C200 1x, https:\/\/i0.wp.com\/premio.noviasalcedo.es\/wp-content\/uploads\/2018\/10\/DOM3148-e1539776210166.jpg?fit=1200%2C800&ssl=1&resize=525%2C300 1.5x, https:\/\/i0.wp.com\/premio.noviasalcedo.es\/wp-content\/uploads\/2018\/10\/DOM3148-e1539776210166.jpg?fit=1200%2C800&ssl=1&resize=700%2C400 2x, https:\/\/i0.wp.com\/premio.noviasalcedo.es\/wp-content\/uploads\/2018\/10\/DOM3148-e1539776210166.jpg?fit=1200%2C800&ssl=1&resize=1050%2C600 3x"},"classes":[]},{"id":944,"url":"https:\/\/premio.noviasalcedo.es\/en\/enaut-gerenu-la-insercion-laboral-de-los-jovenes-en-empleos-de-calidad-es-la-base-para-asegurar-el-futuro-de-cualquier-sociedad\/","url_meta":{"origin":388,"position":4},"title":"(Castellano) E\u00f1aut Gere\u00f1u: &#8220;La inserci\u00f3n laboral de los j\u00f3venes en empleos de calidad es la base para asegurar el futuro de cualquier sociedad&#8221;","author":"NoviaSalcedo","date":"Wednesday September 26th, 2018","format":false,"excerpt":"Sorry, this entry is only available in Castellano.","rel":"","context":"In &quot;Premios Noviasalcedo&quot;","block_context":{"text":"Premios Noviasalcedo","link":"https:\/\/premio.noviasalcedo.es\/en\/category\/premios\/"},"img":{"alt_text":"En\u0303aut-geren\u0303u-premio-novia-salcedo","src":"https:\/\/i0.wp.com\/premio.noviasalcedo.es\/wp-content\/uploads\/2018\/09\/En%CC%83aut-geren%CC%83u.jpg?fit=800%2C472&ssl=1&resize=350%2C200","width":350,"height":200,"srcset":"https:\/\/i0.wp.com\/premio.noviasalcedo.es\/wp-content\/uploads\/2018\/09\/En%CC%83aut-geren%CC%83u.jpg?fit=800%2C472&ssl=1&resize=350%2C200 1x, https:\/\/i0.wp.com\/premio.noviasalcedo.es\/wp-content\/uploads\/2018\/09\/En%CC%83aut-geren%CC%83u.jpg?fit=800%2C472&ssl=1&resize=525%2C300 1.5x, https:\/\/i0.wp.com\/premio.noviasalcedo.es\/wp-content\/uploads\/2018\/09\/En%CC%83aut-geren%CC%83u.jpg?fit=800%2C472&ssl=1&resize=700%2C400 2x"},"classes":[]},{"id":990,"url":"https:\/\/premio.noviasalcedo.es\/en\/diego-echegoyen-el-premio-pone-en-relieve-el-optimismo-y-el-compromiso-hacia-los-jovenes\/","url_meta":{"origin":388,"position":5},"title":"(Castellano) Diego Echegoyen: &#8220;El Premio pone en relieve el optimismo y el compromiso hacia los j\u00f3venes&#8221;","author":"NoviaSalcedo","date":"Tuesday October 16th, 2018","format":false,"excerpt":"Sorry, this entry is only available in Castellano.","rel":"","context":"In &quot;Noticias&quot;","block_context":{"text":"Noticias","link":"https:\/\/premio.noviasalcedo.es\/en\/category\/noticias\/"},"img":{"alt_text":"","src":"https:\/\/i0.wp.com\/premio.noviasalcedo.es\/wp-content\/uploads\/2018\/10\/DOM2769-e1539777014579.jpg?fit=1200%2C800&ssl=1&resize=350%2C200","width":350,"height":200,"srcset":"https:\/\/i0.wp.com\/premio.noviasalcedo.es\/wp-content\/uploads\/2018\/10\/DOM2769-e1539777014579.jpg?fit=1200%2C800&ssl=1&resize=350%2C200 1x, https:\/\/i0.wp.com\/premio.noviasalcedo.es\/wp-content\/uploads\/2018\/10\/DOM2769-e1539777014579.jpg?fit=1200%2C800&ssl=1&resize=525%2C300 1.5x, https:\/\/i0.wp.com\/premio.noviasalcedo.es\/wp-content\/uploads\/2018\/10\/DOM2769-e1539777014579.jpg?fit=1200%2C800&ssl=1&resize=700%2C400 2x, https:\/\/i0.wp.com\/premio.noviasalcedo.es\/wp-content\/uploads\/2018\/10\/DOM2769-e1539777014579.jpg?fit=1200%2C800&ssl=1&resize=1050%2C600 3x"},"classes":[]}],"_links":{"self":[{"href":"https:\/\/premio.noviasalcedo.es\/en\/wp-json\/wp\/v2\/posts\/388","targetHints":{"allow":["GET"]}}],"collection":[{"href":"https:\/\/premio.noviasalcedo.es\/en\/wp-json\/wp\/v2\/posts"}],"about":[{"href":"https:\/\/premio.noviasalcedo.es\/en\/wp-json\/wp\/v2\/types\/post"}],"author":[{"embeddable":true,"href":"https:\/\/premio.noviasalcedo.es\/en\/wp-json\/wp\/v2\/users\/2"}],"replies":[{"embeddable":true,"href":"https:\/\/premio.noviasalcedo.es\/en\/wp-json\/wp\/v2\/comments?post=388"}],"version-history":[{"count":4,"href":"https:\/\/premio.noviasalcedo.es\/en\/wp-json\/wp\/v2\/posts\/388\/revisions"}],"predecessor-version":[{"id":395,"href":"https:\/\/premio.noviasalcedo.es\/en\/wp-json\/wp\/v2\/posts\/388\/revisions\/395"}],"wp:featuredmedia":[{"embeddable":true,"href":"https:\/\/premio.noviasalcedo.es\/en\/wp-json\/wp\/v2\/media\/367"}],"wp:attachment":[{"href":"https:\/\/premio.noviasalcedo.es\/en\/wp-json\/wp\/v2\/media?parent=388"}],"wp:term":[{"taxonomy":"category","embeddable":true,"href":"https:\/\/premio.noviasalcedo.es\/en\/wp-json\/wp\/v2\/categories?post=388"},{"taxonomy":"post_tag","embeddable":true,"href":"https:\/\/premio.noviasalcedo.es\/en\/wp-json\/wp\/v2\/tags?post=388"}],"curies":[{"name":"wp","href":"https:\/\/api.w.org\/{rel}","templated":true}]}}